{"id":11360,"date":"2017-10-04T07:36:46","date_gmt":"2017-10-04T13:36:46","guid":{"rendered":"https:\/\/latam.kaspersky.com\/blog\/?p=11360"},"modified":"2017-10-13T06:46:42","modified_gmt":"2017-10-13T12:46:42","slug":"future-cars-iaa2017","status":"publish","type":"post","link":"https:\/\/latam.kaspersky.com\/blog\/future-cars-iaa2017\/11360\/","title":{"rendered":"Carros del futuro: un informe sobre el Sal\u00f3n del Autom\u00f3vil de Frankfurt"},"content":{"rendered":"<p><img decoding=\"async\" class=\"size-full wp-image-14543 aligncenter\" src=\"https:\/\/media.kasperskydaily.com\/wp-content\/uploads\/sites\/88\/2017\/10\/10131107\/IAA2017-featured1-1024x672.jpg\" alt=\"\" width=\"1024\" height=\"672\"><\/p>\n<p>Si quisieras saber c\u00f3mo ser\u00e1n los carros del futuro, el Sal\u00f3n del Autom\u00f3vil de Frankfurt es uno de los mejores eventos para descubrirlo. Se trata de la exhibici\u00f3n de coches m\u00e1s grande del mundo y m\u00e1s importante para la industria de fabricaci\u00f3n de carros de Alemania. Su nombre completo es Internationale Automobil-Ausstellung (IAA).<\/p>\n<h3>Aspark Owl, \u00bfel carro m\u00e1s r\u00e1pido del mundo?<\/h3>\n<p>Si nunca has escuchado hablar del Aspark Owl, es normal. Nadie, excepto sus creadores, sab\u00edan de la existencia de este s\u00fapercoche antes de llegar al Sal\u00f3n del Autom\u00f3vil de Frankfurt, por lo que su <a href=\"https:\/\/www.topgear.com\/car-news\/frankfurt-motor-show\/aspark-owl-will-go-0-62mph-two-seconds\" target=\"_blank\" rel=\"noopener nofollow\">debut<\/a> sorprendi\u00f3 a todo el mundo.<\/p>\n<div style=\"width: 1034px\" class=\"wp-caption aligncenter\"><img decoding=\"async\" class=\"size-full\" src=\"https:\/\/media.kasperskydaily.com\/wp-content\/uploads\/sites\/92\/2017\/10\/04064809\/aspark-owl-1-1024x526.jpg\" width=\"1024\" height=\"526\"><p class=\"wp-caption-text\">Aspark Owl: de 0 a 100 km\/h en solo 2 segundos<\/p><\/div>\n<p>Seg\u00fan afirman sus dise\u00f1adores, este supercarro completamente el\u00e9ctrico (utiliza una combinaci\u00f3n de bater\u00eda y supercondensadores) es ahora el coche m\u00e1s r\u00e1pido del mundo, acelerando de 0 a 100 km\/h en exactamente dos segundos. Con este resultado, es varias d\u00e9cimas de segundo mejor que el r\u00e9cord anterior, perteneciente a Ultima Evolution Coupe, Dodge Challenger SRT Demon, y Model S P100D de Tesla.<\/p>\n<p><img decoding=\"async\" class=\"size-full aligncenter\" src=\"https:\/\/media.kasperskydaily.com\/wp-content\/uploads\/sites\/92\/2017\/10\/04064816\/aspark-owl-2-1024x575.jpg\" width=\"1024\" height=\"575\">El ch\u00e1sis de Aspark Owl est\u00e1 hecho por completo de fibra de carbono y solo pesa 50 kilos. El peso total del carro es de 850 kilos, la mitad de peso que un Lamborghini Aventador, por ejemplo.<\/p>\n<div style=\"width: 1034px\" class=\"wp-caption aligncenter\"><img decoding=\"async\" class=\"size-full\" src=\"https:\/\/media.kasperskydaily.com\/wp-content\/uploads\/sites\/92\/2017\/10\/04064809\/aspark-owl-3-1024x631.jpg\" width=\"1024\" height=\"631\"><p class=\"wp-caption-text\">Aspark Owl solo mide 99 cm de altura<\/p><\/div>\n<p>Su velocidad m\u00e1xima es de 280 km\/h, algo baja para ser un s\u00fapercoche, pero es bastante alta para ser un coche el\u00e9ctrico; el Tesla, que es el m\u00e1s r\u00e1pido, llega a 250 km\/h. Sin embargo, el rango del Aspark Owl solo llega a 150 km\/h. En el <em>stand<\/em> de Aspark en Frankfurt, se puede hacer una reserva del veh\u00edculo antes de que salga a la venta, pero todav\u00eda no se conoce ni su costo ni su fecha de lanzamiento.<\/p>\n<h3>Audi A8: el primer veh\u00edculo aut\u00f3nomo de tercer nivel<\/h3>\n<p>En IAA 2017, Audi present\u00f3 su nuevo sed\u00e1n insignia, el A8. Entre otras cosas, este sed\u00e1n se desarroll\u00f3 con funciones aut\u00f3nomas. Es el primer coche de producci\u00f3n masiva del mundo que, adem\u00e1s de tener las tradicionales c\u00e1maras y radares, utiliza <a href=\"https:\/\/es.wikipedia.org\/wiki\/LIDAR\" target=\"_blank\" rel=\"noopener nofollow\">l\u00eddar<\/a>. Audi tambi\u00e9n afirma que el modelo A8 es el primer coche de conducci\u00f3n aut\u00f3noma de nivel tres, seg\u00fan la clasificaci\u00f3n de la <a href=\"https:\/\/www.sae.org\/misc\/pdfs\/automated_driving.pdf\" target=\"_blank\" rel=\"noopener nofollow\">SAE (Sociedad de Ingenieros Automotrices).<\/a><\/p>\n<div style=\"width: 1034px\" class=\"wp-caption aligncenter\"><img decoding=\"async\" class=\"size-full\" src=\"https:\/\/media.kasperskydaily.com\/wp-content\/uploads\/sites\/92\/2017\/10\/04064817\/audi-a8-1-1024x631.jpg\" width=\"1024\" height=\"631\"><p class=\"wp-caption-text\">El nuevo Audi A8, equipado con la tecnolog\u00eda aut\u00f3noma m\u00e1s avanzada en el mercado<\/p><\/div>\n<p>Esto significa que, bajo ciertas condiciones (en este caso, se mover\u00eda a 60 km\/h) el conductor se puede olvidar del control del carro y se puede distraer viendo pel\u00edculas, mandando mensajes, etc. Hasta ahora, los Teslas han sido considerados como los coches con la mejor tecnolog\u00eda aut\u00f3noma, pero son de nivel dos, por lo que el conductor siempre debe prestar atenci\u00f3n a la carretera y estar listo para tomar el control del carro en cualquier momento.<\/p>\n<div style=\"width: 1034px\" class=\"wp-caption aligncenter\"><img decoding=\"async\" class=\"size-full\" src=\"https:\/\/media.kasperskydaily.com\/wp-content\/uploads\/sites\/92\/2017\/10\/04064817\/audi-a8-2-1024x701.jpg\" width=\"1024\" height=\"701\"><p class=\"wp-caption-text\">Audi A8: bot\u00f3n de piloto autom\u00e1tico ubicado directamente frente a la palanca de cambios<\/p><\/div>\n<p>La tecnolog\u00eda aut\u00f3noma avanzada utilizada en el Audi A8 est\u00e1 respadada por <a href=\"https:\/\/blogs.nvidia.com\/blog\/2017\/07\/11\/audi-2018-a8-nvidia-barcelona\/\" target=\"_blank\" rel=\"noopener nofollow\">Nvidia<\/a>. El carro utiliza un total de seis procesadores Nvidia, tambi\u00e9n responsables del panel de control, el sistema de entretenimiento, la navegaci\u00f3n, etc.<\/p>\n<h2><span lang=\"EN-US\" style=\"font-size: 14.0pt\">Qualcomm Halo: carga inal\u00e1mbrica <\/span><\/h2>\n<p>Cabe destacar que la tecnolog\u00eda de carga inal\u00e1mbrica ya forma parte de los proyectos Qualcomm desde hace bastante tiempo. Pero la empresa espera ir este a\u00f1o m\u00e1s all\u00e1 de prototipos y proyectos para implementarla en la producci\u00f3n masiva de veh\u00edculos. Dos gigantes alemanes del sector prometieron llevar esta tecnolog\u00eda a sus coches para el 2018: BWM est\u00e1 planeando introducir la carga inal\u00e1mbrica en su modelo h\u00edbrido 530e, y Daimler quiere implementarlo en su modelo h\u00edbrido Mercedes S560e.<\/p>\n<p><img decoding=\"async\" class=\"size-full aligncenter\" src=\"https:\/\/media.kasperskydaily.com\/wp-content\/uploads\/sites\/92\/2017\/10\/04064811\/qualcomm-halo-1-1024x715.jpg\" width=\"1024\" height=\"715\"><\/p>\n<p>Adem\u00e1s, Qualcomm ya est\u00e1 trabajando en la carga inal\u00e1mbrica de nueva generaci\u00f3n que permitir\u00eda cargar las bater\u00edas de veh\u00edculos en movimiento, incluso a altas velocidades.<\/p>\n<p><img decoding=\"async\" class=\"size-full aligncenter\" src=\"https:\/\/media.kasperskydaily.com\/wp-content\/uploads\/sites\/92\/2017\/10\/04064810\/qualcomm-halo-2-1024x877.jpg\" width=\"1024\" height=\"877\"><\/p>\n<p>Esta tecnolog\u00eda ya ha fue probada como parte del proyecto FABRIC, patrocinado por la Comisi\u00f3n Europea, en el que se investiga c\u00f3mo construir carreteras con cargadores integrados para que se puedan cargar las bater\u00edas con el veh\u00edculo en movimiento, eliminando as\u00ed el problema de la capacidad limitada de las bater\u00edas.<\/p>\n<p><img decoding=\"async\" class=\"size-full aligncenter\" src=\"https:\/\/media.kasperskydaily.com\/wp-content\/uploads\/sites\/92\/2017\/10\/04064810\/qualcomm-halo-3-1024x351.jpg\" width=\"1024\" height=\"351\"><\/p>\n<h3>Estacionamiento autom\u00e1tico: colaboraci\u00f3n entre Valeo y Cisco<\/h3>\n<p>Aparentemente, a\u00fan falta tiempo para llegar a ver coches totalmente aut\u00f3nomos, que no necesitan intervenci\u00f3n alguna por parte del conductor. La inteligencia artificial <a href=\"https:\/\/latam.kaspersky.com\/blog\/ai-fails\/11221\/\" target=\"_blank\" rel=\"noopener\">sigue cometiendo demasiados errores<\/a> y no existen infraestructuras viales que aseguren el correcto funcionamiento de los algoritmos de reconocimiento. Adem\u00e1s, todav\u00eda no est\u00e1 clara la postura a tomar con respecto a algunos <a href=\"https:\/\/latam.kaspersky.com\/blog\/driverless-car-dangers\/7618\/\" target=\"_blank\" rel=\"noopener\">dilemas \u00e9ticos<\/a> (por ejemplo, el llamado \u201c<a href=\"https:\/\/es.wikipedia.org\/wiki\/Dilema_del_tranv%C3%ADa\" target=\"_blank\" rel=\"noopener nofollow\">dilema del tranv\u00eda<\/a>\u201c) y algunos aspectos legales. Las condiciones clim\u00e1ticas extremas de algunos lugares complican a\u00fan m\u00e1s la situaci\u00f3n: en invierno puede ser dif\u00edcil distinguir la calzada, las marcas de la carretera y los se\u00f1alamientos. Estos problemas se ir\u00e1n solucionando gradualmente en el futuro, pero hace falta tiempo.<\/p>\n<p>Sin embargo, algunas caracter\u00edsticas como el piloto autom\u00e1tico ya son muy \u00fatiles, por ejemplo, cuando nos estacionamos, sobre todo en los estacionamientos de varios niveles, donde el conductor tiene que dar vueltas para buscar lugar, una tarea que puede llevar bastante tiempo.<\/p>\n<p>La velocidad l\u00edmite en estas situaciones es m\u00ednima, los mapas de estos lugares son muy precisos y no pasan muchos peatones; todas estas condiciones juegan a favor del piloto autom\u00e1tico, aunque no sea perfecto todav\u00eda.<\/p>\n<p>La habilidad de una computadora para generar r\u00e1pidamente una ruta puede ser \u00fatil para contactar con el centro de control e identificar r\u00e1pidamente aparcamientos libres.<\/p>\n<p>Pronto veremos estacionamientos \u201cinteligentes\u201d donde podremos dejar el coche en la entrada sin preocuparnos por d\u00f3nde estacionarnos, la colaboraci\u00f3n entre Cisco y Valeo ya va hacia esta direcci\u00f3n. Valeo, por un lado, se ocupar\u00e1 de desarrollar los pilotos autom\u00e1ticos, mientras Cisco se encargar\u00e1 de la infraestructura a instalar en estos garajes inteligentes como, por ejemplo, todo lo que se refiere a comunicaciones, sistemas de videovigilancia, zonas de control, etc.<\/p>\n<p><span class=\"embed-youtube\" style=\"text-align:center; display: block;\"><iframe class=\"youtube-player\" type=\"text\/html\" width=\"640\" height=\"390\" src=\"https:\/\/www.youtube.com\/embed\/VKWvqpHRUdU?version=3&amp;rel=1&amp;fs=1&amp;showsearch=0&amp;showinfo=1&amp;iv_load_policy=1&amp;wmode=transparent\" frameborder=\"0\" allowfullscreen=\"true\"><\/iframe><\/span><\/p>\n<h3>Alexa de Amazon en los SEAT y en los BMW<\/h3>\n<p>Se supone que, el conductor deber\u00eda mirar todo el tiempo hacia la carretera. Por eso, en los carros, la interfaz de voz no es solo una opci\u00f3n a\u00f1adida (por ejemplo, para hacer una llamada por tel\u00e9fono o para cambiar de emisora de radio), sino una funcionalidad \u00fatil, es m\u00e1s, fundamental. Por desgracia, solo pocas marcas han conseguido desarrollar una interfaz de voz que funcione realmente bien. Hasta ahora, solo cuatro compa\u00f1\u00edas lo han conseguido: Amazon, Apple, Google y Microsoft. Tal vez, la soluci\u00f3n ideal se lograr\u00eda si estas cuatro grandes empresas se juntaran en un proyecto com\u00fan.<\/p>\n<p>Es lo que hizo exactamente Vokswagen AG. Gracias a su colaboraci\u00f3n con Amazon, el gigante alem\u00e1n decidi\u00f3 implementar su nuevo sistema en SEAT, su marca m\u00e1s orientada hacia los j\u00f3venes.<\/p>\n<p><img decoding=\"async\" class=\"size-full aligncenter\" src=\"https:\/\/media.kasperskydaily.com\/wp-content\/uploads\/sites\/92\/2017\/10\/04064810\/seat-amazon-alexa-1024x631.jpg\" width=\"1024\" height=\"631\"><\/p>\n<p>Alexa de Amazon, que encontraremos en los modelos Le\u00f3n y Atecas para final de a\u00f1o, es una funcionalidad que tambi\u00e9n se implementar\u00e1 despu\u00e9s en los modelos Ibiza de 5 puertas y en el crossover compacto Arona, que debut\u00f3 justo en el IAA 2017. Las empresas aseguran que optimizar\u00e1n el software de asistente de voz para su uso en los veh\u00edculos.<\/p>\n<p>BMW tambi\u00e9n anunci\u00f3 su intenci\u00f3n de instalar Alexa en sus coches, pero <a href=\"https:\/\/www.press.bmwgroup.com\/global\/article\/detail\/T0274792EN\/digital-lifestyle-at-the-bmw-group:-seamless-in-car-integration-of-amazon-alexa-in-bmw-and-mini?language=en\" target=\"_blank\" rel=\"noopener nofollow\">llegar\u00e1 a sus modelos<\/a> y a los de MINI para la segunda mitad de 2018.<\/p>\n<p><span class=\"embed-youtube\" style=\"text-align:center; display: block;\"><iframe class=\"youtube-player\" type=\"text\/html\" width=\"640\" height=\"390\" src=\"https:\/\/www.youtube.com\/embed\/cW4gSRpauwY?version=3&amp;rel=1&amp;fs=1&amp;showsearch=0&amp;showinfo=1&amp;iv_load_policy=1&amp;wmode=transparent\" frameborder=\"0\" allowfullscreen=\"true\"><\/iframe><\/span><\/p>\n<p>Lamentablemente, el asistente de voz solo estar\u00e1 disponible en ingl\u00e9s y alem\u00e1n, porque Alexa todav\u00eda no sabe otros idiomas.<\/p>\n<h3>Las redes incorporadas en los autos del futuro<\/h3>\n<p>En un veh\u00edculo, una red incorporada es un sistema muy complejo e intricado. No es algo obvio para todos los usuarios, porque la misma red y la mayor parte de los componentes conectados nunca est\u00e1n a la vista. En el <em>stand <\/em>de EDAG, los visitantes de la feria pueden ver c\u00f3mo es esta red por dentro:<\/p>\n<div style=\"width: 1034px\" class=\"wp-caption aligncenter\"><img decoding=\"async\" class=\"size-full\" src=\"https:\/\/media.kasperskydaily.com\/wp-content\/uploads\/sites\/92\/2017\/10\/04064811\/edag-can-1-1024x449.jpg\" width=\"1024\" height=\"449\"><p class=\"wp-caption-text\">C\u00f3mo aparece ahora una red incorporada de un veh\u00edculo<\/p><\/div>\n<p>Actualmente, el peso total de todos los cables de un coche asciende a \u00a1casi 50 kilos! Y, como en los coches se utilizan cada vez m\u00e1s aparatos electr\u00f3nicos, se necesitar\u00e1n cada vez m\u00e1s conexiones. Es el momento de empezar a pensar en c\u00f3mo reducir el volumen de cables, para que la red integrada de los veh\u00edculos sea m\u00e1s sencilla.<\/p>\n<p>EDAG sugiere un nuevo m\u00e9todo: dividir el coche en zonas diferentes, cada una con su sistema de control de los componentes electr\u00f3nicos y con un equipamiento que se conecte al sistema de control de cada zona. Las zonas est\u00e1n conectadas entre ellas a trav\u00e9s de unos cables Ethernet ligeros y r\u00e1pidos, adaptados para su uso en los coches. Los componentes se conectan a los controladores de cada zona a trav\u00e9s de un <a href=\"https:\/\/es.wikipedia.org\/wiki\/Local_Interconnect_Network\" target=\"_blank\" rel=\"noopener nofollow\">bus LIN<\/a> desarrollado (y ya en uso) como una alternativa m\u00e1s barata (pero no muy r\u00e1pida) al bus CAN.<\/p>\n<div style=\"width: 1034px\" class=\"wp-caption aligncenter\"><img decoding=\"async\" class=\"size-full\" src=\"https:\/\/media.kasperskydaily.com\/wp-content\/uploads\/sites\/92\/2017\/10\/04064811\/edag-can-2-1024x547.jpg\" width=\"1024\" height=\"547\"><p class=\"wp-caption-text\">Seg\u00fan EDAG, as\u00ed podr\u00eda ser la red integrada en los veh\u00edculos del futuro]<\/p><\/div>\n<p>En un futuro no tan lejano, las redes integradas estar\u00e1n m\u00e1s centralizadas; dos computadoras centrales a bordo, cada uno interconectado a su respectiva zona de control derecha o izquierda. Estas zonas estar\u00e1n conectadas entre ellas a trav\u00e9s de un canal de fibra.<\/p>\n<h3>C\u00f3mo proteger a los coches frente a las ciberamenazas<\/h3>\n<p>Los veh\u00edculos modernos contienen m\u00e1s de cien dispositivos electr\u00f3nicos conectados a trav\u00e9s de una red. Se trata b\u00e1sicamente de una red sobre ruedas con una cantidad de dispositivos similar a la de una oficina de tama\u00f1o medio. Hoy en d\u00eda muchos coches tambi\u00e9n tienen conexi\u00f3n a Internet y es muy probable que en el futuro todos (excluyendo los m\u00e1s baratos) est\u00e9n conectados.<\/p>\n<div style=\"width: 1034px\" class=\"wp-caption aligncenter\"><img decoding=\"async\" style=\"font-size: 1.13em;font-style: italic;font-weight: bold\" src=\"https:\/\/media.kasperskydaily.com\/wp-content\/uploads\/sites\/92\/2017\/10\/04064811\/IAA2017-connected-1024x701.jpg\" alt=\"\" width=\"1024\" height=\"701\"><p class=\"wp-caption-text\">Las palabras \u201cconectado\u201d y \u201cconectividad\u201d fueron probablemente las m\u00e1s escuchadas en la IAA. Sin embargo, no ha ocurrido lo mismo con la palabra \u201cseguridad\u201d: muy pocas compa\u00f1\u00edas de este sector se preocupan por la ciberseguridad.<\/p><\/div>\n<p>\u00bfQu\u00e9 es lo que diferencia la red de un coche de la que se encuentra en una oficina? En primer lugar, en un carro no existe un departamento inform\u00e1tico que monitoree la red y, no hay soluciones de seguridad inform\u00e1tica espec\u00edficas para coches, sin embargo, s\u00ed existe el firewall y el software de seguridad en el caso de los dispositivos de empresa.<\/p>\n<p>En estos \u00faltimos a\u00f1os, el hackeo de carros se ha convertido en una realidad: <a href=\"https:\/\/latam.kaspersky.com\/blog\/hackeando-coches-modernos\/1148\/\" target=\"_blank\" rel=\"noopener\">ya hemos visto<\/a> <a href=\"https:\/\/www.kaspersky.es\/blog\/blackhat-jeep-cherokee-hack-explained\/6552\/\" target=\"_blank\" rel=\"noopener\">diversos<\/a> <a href=\"https:\/\/www.kaspersky.es\/blog\/hackear_coches_en_remoto\/4010\/\" target=\"_blank\" rel=\"noopener\">ejemplos<\/a>\u00a0<a href=\"https:\/\/www.kaspersky.es\/blog\/tesla-s-hacked-and-patched\/6587\/\" target=\"_blank\" rel=\"noopener\">sobre cibercriminales<\/a> <a href=\"https:\/\/www.kaspersky.com\/blog\/jeep-hacked-again\/12752\/\" target=\"_blank\" rel=\"noopener nofollow\">que consiguieron<\/a> <a href=\"https:\/\/threatpost.com\/mitsubishi-hybrid-suv-hack-puts-drivers-at-risk-says-researcher\/118502\/\" target=\"_blank\" rel=\"noopener nofollow\">hackear<\/a> <a href=\"https:\/\/www.kaspersky.es\/blog\/rsa-connected-cars\/10094\/\" target=\"_blank\" rel=\"noopener\">un veh\u00edculo<\/a> <a href=\"https:\/\/www.kaspersky.es\/blog\/hacking-tesla-model-x\/14014\/\" target=\"_blank\" rel=\"noopener\">a trav\u00e9s de<\/a> <a href=\"https:\/\/www.kaspersky.es\/blog\/connected-car-apps-revisited\/14370\/\" target=\"_blank\" rel=\"noopener\">la conexi\u00f3n a Internet<\/a> (y la lista es muy larga, la verdad). Si todav\u00eda no se hacke\u00f3 un modelo o una marca en particular, es porque los cibercriminales todav\u00eda no se han empe\u00f1ado en hacerlo.<\/p>\n<p>El problema es que no se plantea el problema de la ciberseguridad desde el principio. Las compa\u00f1\u00edas automovil\u00edsticas todav\u00eda no tienen experiencia en este sector y no tienen en cuenta el asunto de la ciberseguridad en su dise\u00f1o para evitar ciberincidentes. Se verifica la seguridad de cada componente, pero no la de la red en su totalidad.<\/p>\n<div style=\"width: 1034px\" class=\"wp-caption alignnone\"><img decoding=\"async\" class=\"size-full\" src=\"https:\/\/media.kasperskydaily.com\/wp-content\/uploads\/sites\/92\/2017\/10\/04064809\/kaspersky-avl-scu-1024x596.jpg\" width=\"1024\" height=\"596\"><p class=\"wp-caption-text\">Secure Communication Unit: colaboraci\u00f3n entre Kaspersky Lab y AVL<\/p><\/div>\n<p>Claramente este es un aspecto que hay que cambiar y estamos dispuestos a ofrecer nuestra ayuda y a compartir nuestra extensa experiencia en seguridad inform\u00e1tica. <a href=\"https:\/\/latam.kaspersky.com\/blog\/connected-cars-secure-by-design\/10500\/\" target=\"_blank\" rel=\"noopener\">Kaspersky Lab est\u00e1 colaborando con AVL,<\/a> especialista en equipamiento industrial en el sector del autom\u00f3vil, y juntos hemos creado la llamada Secure Communication Unit. El dispositivo utiliza nuestro sistema operativo KasperskyOS y se ocupa de la seguridad de todas las comunicaciones desde y hacia un veh\u00edculo conectado.<\/p>\n<p><a href=\"https:\/\/os.kaspersky.com\/\" target=\"_blank\" rel=\"noopener nofollow\">Estamos buscando colaboraciones<\/a> con otras empresas que puedan estar interesadas. Ha llegado la hora de tomarse en serio la seguridad inform\u00e1tica de los coches.<\/p>\n","protected":false},"excerpt":{"rendered":"<p>El Sal\u00f3n del Autom\u00f3vil m\u00e1s grande del mundo es el mejor sitio para saber c\u00f3mo ser\u00e1n los coches del futuro.<\/p>\n","protected":false},"author":421,"featured_media":11361,"comment_status":"closed","ping_status":"open","sticky":false,"template":"","format":"standard","meta":{"_acf_changed":false,"footnotes":""},"categories":[3145,9],"tags":[2978,1563,3116,3119,3117,3118,2873,3140,3142,3141],"class_list":{"0":"post-11360","1":"post","2":"type-post","3":"status-publish","4":"format-standard","5":"has-post-thumbnail","7":"category-threats","8":"category-products","9":"tag-avl","10":"tag-coches","11":"tag-coches-conectados","12":"tag-coches-inteligentes","13":"tag-iaa","14":"tag-iaa-2017","15":"tag-kaspersky-os","16":"tag-kasperskyos","17":"tag-klautomotriz","18":"tag-salon-del-automovil-de-frankfurt"},"hreflang":[{"hreflang":"es-mx","url":"https:\/\/latam.kaspersky.com\/blog\/future-cars-iaa2017\/11360\/"},{"hreflang":"en-in","url":"https:\/\/www.kaspersky.co.in\/blog\/future-cars-iaa2017\/11494\/"},{"hreflang":"en-ae","url":"https:\/\/me-en.kaspersky.com\/blog\/future-cars-iaa2017\/9640\/"},{"hreflang":"en-us","url":"https:\/\/usa.kaspersky.com\/blog\/future-cars-iaa2017\/12934\/"},{"hreflang":"en-gb","url":"https:\/\/www.kaspersky.co.uk\/blog\/future-cars-iaa2017\/11837\/"},{"hreflang":"es","url":"https:\/\/www.kaspersky.es\/blog\/future-cars-iaa2017\/14542\/"},{"hreflang":"it","url":"https:\/\/www.kaspersky.it\/blog\/future-cars-iaa2017\/14295\/"},{"hreflang":"ru","url":"https:\/\/www.kaspersky.ru\/blog\/future-cars-iaa2017\/18919\/"},{"hreflang":"tr","url":"https:\/\/www.kaspersky.com.tr\/blog\/future-cars-iaa2017\/4228\/"},{"hreflang":"x-default","url":"https:\/\/www.kaspersky.com\/blog\/future-cars-iaa2017\/19630\/"},{"hreflang":"pt-br","url":"https:\/\/www.kaspersky.com.br\/blog\/future-cars-iaa2017\/9834\/"},{"hreflang":"pl","url":"https:\/\/plblog.kaspersky.com\/future-cars-iaa2017\/8269\/"},{"hreflang":"de","url":"https:\/\/www.kaspersky.de\/blog\/future-cars-iaa2017\/14891\/"},{"hreflang":"ja","url":"https:\/\/blog.kaspersky.co.jp\/future-cars-iaa2017\/18384\/"},{"hreflang":"en-au","url":"https:\/\/www.kaspersky.com.au\/blog\/future-cars-iaa2017\/18856\/"},{"hreflang":"en-za","url":"https:\/\/www.kaspersky.co.za\/blog\/future-cars-iaa2017\/18848\/"}],"acf":[],"banners":"","maintag":{"url":"https:\/\/latam.kaspersky.com\/blog\/tag\/avl\/","name":"AVL"},"_links":{"self":[{"href":"https:\/\/latam.kaspersky.com\/blog\/wp-json\/wp\/v2\/posts\/11360","targetHints":{"allow":["GET"]}}],"collection":[{"href":"https:\/\/latam.kaspersky.com\/blog\/wp-json\/wp\/v2\/posts"}],"about":[{"href":"https:\/\/latam.kaspersky.com\/blog\/wp-json\/wp\/v2\/types\/post"}],"author":[{"embeddable":true,"href":"https:\/\/latam.kaspersky.com\/blog\/wp-json\/wp\/v2\/users\/421"}],"replies":[{"embeddable":true,"href":"https:\/\/latam.kaspersky.com\/blog\/wp-json\/wp\/v2\/comments?post=11360"}],"version-history":[{"count":1,"href":"https:\/\/latam.kaspersky.com\/blog\/wp-json\/wp\/v2\/posts\/11360\/revisions"}],"predecessor-version":[{"id":11363,"href":"https:\/\/latam.kaspersky.com\/blog\/wp-json\/wp\/v2\/posts\/11360\/revisions\/11363"}],"wp:featuredmedia":[{"embeddable":true,"href":"https:\/\/latam.kaspersky.com\/blog\/wp-json\/wp\/v2\/media\/11361"}],"wp:attachment":[{"href":"https:\/\/latam.kaspersky.com\/blog\/wp-json\/wp\/v2\/media?parent=11360"}],"wp:term":[{"taxonomy":"category","embeddable":true,"href":"https:\/\/latam.kaspersky.com\/blog\/wp-json\/wp\/v2\/categories?post=11360"},{"taxonomy":"post_tag","embeddable":true,"href":"https:\/\/latam.kaspersky.com\/blog\/wp-json\/wp\/v2\/tags?post=11360"}],"curies":[{"name":"wp","href":"https:\/\/api.w.org\/{rel}","templated":true}]}}